{"id":47,"date":"2009-07-09T12:23:44","date_gmt":"2009-07-09T10:23:44","guid":{"rendered":"http:\/\/www.supersly.org\/archives\/dardex-2010\/\/dardex-mort2faim\/?p=47"},"modified":"2010-09-01T16:31:46","modified_gmt":"2010-09-01T16:31:46","slug":"psychotik-room-v-2","status":"publish","type":"post","link":"https:\/\/www.supersly.org\/archives\/dardex-2010\/?p=47","title":{"rendered":"Psychotik Room ( V 2 )"},"content":{"rendered":"<p><img loading=\"lazy\" decoding=\"async\" class=\"alignnone size-full wp-image-284\" title=\"psychotik-room\" src=\"http:\/\/www.supersly.org\/archives\/dardex-2010\/\/wp-content\/uploads\/photo21.JPG\" alt=\"psychotik-room\" width=\"630\" height=\"473\" srcset=\"https:\/\/www.supersly.org\/archives\/dardex-2010\/wp-content\/uploads\/photo21.JPG 630w, https:\/\/www.supersly.org\/archives\/dardex-2010\/wp-content\/uploads\/photo21-300x225.jpg 300w\" sizes=\"(max-width: 630px) 100vw, 630px\" \/><\/p>\n<p>Quentin Destieu, Sylvain Huguet, Romain Senatore.<br \/>\nProgrammation : Ivan Chabanaud, Julien Marro-Dauzat.<br \/>\n<br \/><\/br><br \/>\n<br \/><\/br><\/p>\n<p style=\"text-align: justify;\">Psychotik Room (V2) est une installation d\u00e9velopp\u00e9e dans le cadre d\u2019une r\u00e9sidence d\u2019artiste \u00e0 l\u2019ECM Kawenga de Montpellier en mars 2009, avec une aide \u00e0 la cr\u00e9ation multim\u00e9dia de la r\u00e9gion languedoc-Roussillon.<\/p>\n<p><\/br><\/p>\n<p style=\"text-align: justify;\"><em>Psychotik Room (V2) is an installation developed during an artistic residency at the ECM Kawenga in Montpellier (France), in March 2009, with support for the multimedia creation, from the Region anguedoc-Roussillon.<\/em><br \/>\n<br \/><\/br><br \/>\n<br \/><\/br><br \/>\nExpositions pr\u00e9c\u00e9dentes<em> \/ past exhibitions :<\/em><br \/>\nF\u00eate des 01, <a href=\"http:\/\/www.labomedia.net\" target=\"_blank\">Labom\u00e9dia<\/a>, Orl\u00e9ans, mai 2010.<br \/>\nSensations Inou\u00efes, <a href=\"http:\/\/www.elmediator.org\/index.php\" target=\"_blank\">El Mediator<\/a>, Perpignan, d\u00e9cembre 2009.<br \/>\nExposition Playground, <a href=\"http:\/\/www.nuitblanchemetz.com\/\" target=\"_blank\">Nuit Blanche<\/a>, Metz, octobre 2009.<br \/>\n<a href=\"http:\/\/www.enter4.org\/\" target=\"_blank\">Festival Enter 4<\/a>, DOX, Centre for Contemporary Art, R\u00e9publique Tch\u00e8que, avril 2009.<br \/>\nFestival Hybride, <a href=\"http:\/\/www.ecmkawenga.com\/diffusion\/psychotik-room-dardexm2f.htm\" target=\"_blank\">ECM Kawenga<\/a>, Montpellier, mars 2009.<br \/>\nr\u00e9sidence de cr\u00e9ation, <a href=\"http:\/\/www.ecmkawenga.com\/diffusion\/psychotik-room-dardexm2f.htm\" target=\"_blank\">ECM Kawenga<\/a>, Montpellier, f\u00e9vrier 2009.<br \/>\n<br \/><\/br><br \/>\n<br \/><\/br><br \/>\n[nggallery id=19]<\/p>\n","protected":false},"excerpt":{"rendered":"<p>Quentin Destieu, Sylvain Huguet, Romain Senatore. Programmation : Ivan Chabanaud, Julien Marro-Dauzat. Psychotik Room (V2) est une installation d\u00e9velopp\u00e9e dans le cadre d\u2019une r\u00e9sidence d\u2019artiste \u00e0 l\u2019ECM Kawenga de Montpellier en mars 2009, avec une aide \u00e0 la cr\u00e9ation multim\u00e9dia de la r\u00e9gion languedoc-Roussillon. Psychotik Room (V2) is an installation developed during an artistic residency [&hellip;]<\/p>\n","protected":false},"author":1,"featured_media":0,"comment_status":"closed","ping_status":"open","sticky":false,"template":"","format":"standard","meta":{"footnotes":""},"categories":[22],"tags":[38,64,160,143,174,158,102,68,51,60,123,137,74,153,140,34,133,85,91,41,154,120,46,155,163,75,173,166,69,84,88,35,33,135,110,118,103,131,117,108,61,62,150,138,132,90,134,106,83,99,87,151,115,122,112,148,129,139,95,105,157,111,104,119,71,72,63,96,93,58,40,39,32,30,52,107,31,67,42,100,65,116,125,59,130,152,97,162,70,167,156,127,149,141,81,114,109,37,89,172,53,80,113,78,145,94,126,54,77,121,144,76,43,47,136,98,86,49,92,165,161,124,128,56,146,142,50,48,79,44,159,66,101,36,147,55,57,73,164],"class_list":["post-47","post","type-post","status-publish","format-standard","hentry","category-psychotikroom-v1","tag-3d","tag-8-bits","tag-a4","tag-abaton","tag-aix-en-provence","tag-amber","tag-amber-festival","tag-art-contemporain","tag-art-numerique","tag-association-m2f-creations","tag-bratislava","tag-bresil","tag-bricomedia","tag-c-i-a-n-t","tag-cabaret-aleatoire","tag-capteur-cardiaque","tag-carpentras","tag-centre-for-contemporary-art","tag-centre-pompidou","tag-chambre","tag-ciant","tag-coimbra","tag-collectif-dardex-mort2faim","tag-cz","tag-d","tag-dalle-tactile","tag-dardex","tag-del-icio-us-festival-gamerz","tag-detournements","tag-dox","tag-ecm-kawenga","tag-environnement-3d","tag-experience","tag-exposition-au-musee-detat-de-pernambuco","tag-exposition-camping","tag-exposition-coimbra-aix-en-provence","tag-exposition-crossover-urban-art","tag-exposition-gamerz-01","tag-exposition-gamerz-02","tag-exposition-jouer-au-reel","tag-expositions","tag-festival","tag-festival-aires-libres","tag-festival-arborescence","tag-festival-elektro-circus","tag-festival-emergences","tag-festival-eniarof","tag-festival-enter-3","tag-festival-enter-4","tag-festival-gamerz-03","tag-festival-hybride","tag-festival-kinoleon","tag-festival-micromusic-pixel-experience","tag-festival-multiplace","tag-festival-norapolis-vi","tag-festival-park-in-progress","tag-festival-sloveniarof","tag-festival-un-peu-dalice","tag-fete-de-lanimation","tag-flash-festival","tag-fr","tag-galerie-de-lecole-superieure-dart","tag-galerie-nikki-marquardt","tag-galerie-santa-clara","tag-game","tag-game-art","tag-gamerz","tag-gare-st-sauveur","tag-grande-halle-de-la-villette","tag-graphisme","tag-head-mounted-display","tag-hmd","tag-immersion","tag-installation","tag-installations-interactives","tag-institut-francais-de-prague","tag-interactive","tag-interactivite","tag-isolement","tag-istanbul","tag-jeux-videos","tag-la-gare-du-coustellet","tag-la-vitrine","tag-laser","tag-lavitrine","tag-lavoir-moderne","tag-lille","tag-lmr","tag-ludique","tag-lunettes","tag-m2f-creations","tag-maribor","tag-marly-le-roi","tag-marseille","tag-medias","tag-metz","tag-meudon-la-foret","tag-modifies","tag-montpellier","tag-mort2faim","tag-multimedia","tag-nouveaux","tag-nouveaux-trinitaires","tag-nouvelle","tag-palac-akropolis","tag-paris","tag-pekarna","tag-performance","tag-pixel","tag-portugal","tag-prague","tag-projections","tag-psychiatrique","tag-quentin-destieu","tag-recife","tag-rencontre-de-lorme-avec-le-zinc-au-pole-media-marseille","tag-republique-tcheque","tag-romain-senatore","tag-salon-de-la-jeune-creation","tag-si","tag-sk","tag-slovaquie","tag-slovenie","tag-son","tag-spa-festival","tag-sperm-festival","tag-stephane-kyles","tag-sylvain-huguet","tag-technologie","tag-temps-reel","tag-tr","tag-tuning","tag-turquie","tag-univers-sonore","tag-universite-federale-de-pernambuco","tag-video","tag-web","tag-workshop","tag-zavod-atol"],"_links":{"self":[{"href":"https:\/\/www.supersly.org\/archives\/dardex-2010\/index.php?rest_route=\/wp\/v2\/posts\/47"}],"collection":[{"href":"https:\/\/www.supersly.org\/archives\/dardex-2010\/index.php?rest_route=\/wp\/v2\/posts"}],"about":[{"href":"https:\/\/www.supersly.org\/archives\/dardex-2010\/index.php?rest_route=\/wp\/v2\/types\/post"}],"author":[{"embeddable":true,"href":"https:\/\/www.supersly.org\/archives\/dardex-2010\/index.php?rest_route=\/wp\/v2\/users\/1"}],"replies":[{"embeddable":true,"href":"https:\/\/www.supersly.org\/archives\/dardex-2010\/index.php?rest_route=%2Fwp%2Fv2%2Fcomments&post=47"}],"version-history":[{"count":12,"href":"https:\/\/www.supersly.org\/archives\/dardex-2010\/index.php?rest_route=\/wp\/v2\/posts\/47\/revisions"}],"predecessor-version":[{"id":423,"href":"https:\/\/www.supersly.org\/archives\/dardex-2010\/index.php?rest_route=\/wp\/v2\/posts\/47\/revisions\/423"}],"wp:attachment":[{"href":"https:\/\/www.supersly.org\/archives\/dardex-2010\/index.php?rest_route=%2Fwp%2Fv2%2Fmedia&parent=47"}],"wp:term":[{"taxonomy":"category","embeddable":true,"href":"https:\/\/www.supersly.org\/archives\/dardex-2010\/index.php?rest_route=%2Fwp%2Fv2%2Fcategories&post=47"},{"taxonomy":"post_tag","embeddable":true,"href":"https:\/\/www.supersly.org\/archives\/dardex-2010\/index.php?rest_route=%2Fwp%2Fv2%2Ftags&post=47"}],"curies":[{"name":"wp","href":"https:\/\/api.w.org\/{rel}","templated":true}]}}