{"id":12,"date":"2009-07-09T12:10:33","date_gmt":"2009-07-09T10:10:33","guid":{"rendered":"http:\/\/www.supersly.org\/archives\/dardex-2010\/\/dardex-mort2faim\/?p=12"},"modified":"2009-09-15T12:41:50","modified_gmt":"2009-09-15T12:41:50","slug":"invisible-network","status":"publish","type":"post","link":"https:\/\/www.supersly.org\/archives\/dardex-2010\/?p=12","title":{"rendered":"Invisible Network"},"content":{"rendered":"<p><img loading=\"lazy\" decoding=\"async\" class=\"alignnone size-full wp-image-172\" title=\"invisible-network\" src=\"http:\/\/www.supersly.org\/archives\/dardex-2010\/\/wp-content\/uploads\/photo5.jpg\" alt=\"invisible-network\" width=\"630\" height=\"473\" srcset=\"https:\/\/www.supersly.org\/archives\/dardex-2010\/wp-content\/uploads\/photo5.jpg 630w, https:\/\/www.supersly.org\/archives\/dardex-2010\/wp-content\/uploads\/photo5-300x225.jpg 300w\" sizes=\"(max-width: 630px) 100vw, 630px\" \/><\/p>\n<p>Quentin Destieu, Sylvain Huguet, Romain Senatore, Stephane Kyles, Lo\u00efs Roussillon.<br \/>\n<br \/><\/br><br \/>\n<br \/><\/br><\/p>\n<p style=\"text-align: justify;\">Invisible Network est une proposition de performance multim\u00e9dia en temps r\u00e9el, proposant des r\u00e9flexions environnementales sur le th\u00e8me des ondes qui nous entourent. Cette performance explore la nature des forces invisibles, leur impact en tant qu&#8217;energies perceptibles sur le corps humain et son environnement.<br \/>\n<br \/><\/br><\/p>\n<p style=\"text-align: justify;\"><em>Invisible Network proposes a multimedia performance in real time giving rise to thoughts about the environment on the theme of the waves that surround us. This performance explores the nature of invisible forces, their impact as energies which one can perceive on the human body and in its environment.<\/em><br \/>\n<br \/><\/br><br \/>\n<br \/><\/br><br \/>\nExpositions pr\u00e9c\u00e9dentes<em> \/ past exhibitions :<\/em><br \/>\n<a href=\"http:\/\/www.pernambuco.fr\/\" target=\"_blank\">Exposition au mus\u00e9e d&#8217;\u00e9tat de Pernambuco<\/a>, Recife, Br\u00e9sil, septembre 2006.<br \/>\n<a href=\"http:\/\/www.youtube.com\/watch?v=d_fv2cuwD3g\" target=\"_blank\">SPA Festival<\/a>, Universit\u00e9 F\u00e9d\u00e9rale de Pernambuco, Recife, Br\u00e9sil, septembre 2006.<br \/>\n<a href=\"http:\/\/www.art4eu.net\" target=\"_blank\">Festival Park in Progress<\/a>, Marly-le Roi, juin 2006.<br \/>\n<a href=\"http:\/\/www.aires-libres.com\/\" target=\"_blank\">Festival Aires libres<\/a>, Marseille, septembre 2005.<br \/>\n<br \/><\/br><br \/>\n<br \/><\/br><br \/>\n[nggallery id=5]<\/p>\n","protected":false},"excerpt":{"rendered":"<p>Quentin Destieu, Sylvain Huguet, Romain Senatore, Stephane Kyles, Lo\u00efs Roussillon. Invisible Network est une proposition de performance multim\u00e9dia en temps r\u00e9el, proposant des r\u00e9flexions environnementales sur le th\u00e8me des ondes qui nous entourent. Cette performance explore la nature des forces invisibles, leur impact en tant qu&#8217;energies perceptibles sur le corps humain et son environnement. Invisible [&hellip;]<\/p>\n","protected":false},"author":1,"featured_media":0,"comment_status":"closed","ping_status":"open","sticky":false,"template":"","format":"standard","meta":{"footnotes":""},"categories":[7],"tags":[38,64,160,143,174,158,102,68,51,60,123,137,74,153,140,34,133,85,91,41,154,120,46,155,163,75,168,69,84,88,35,33,135,110,118,103,131,117,108,61,62,150,138,132,90,134,106,83,99,87,151,115,122,112,148,129,139,95,105,157,111,104,119,71,72,63,96,93,58,40,39,32,30,52,107,31,67,42,100,65,116,125,59,130,152,97,162,70,167,156,127,149,141,81,114,109,37,89,53,80,113,78,145,94,126,54,77,121,144,76,43,47,136,98,86,49,92,165,161,124,128,56,146,142,50,48,79,44,159,66,101,169,147,55,57,73,164],"class_list":["post-12","post","type-post","status-publish","format-standard","hentry","category-invisiblenetwork","tag-3d","tag-8-bits","tag-a4","tag-abaton","tag-aix-en-provence","tag-amber","tag-amber-festival","tag-art-contemporain","tag-art-numerique","tag-association-m2f-creations","tag-bratislava","tag-bresil","tag-bricomedia","tag-c-i-a-n-t","tag-cabaret-aleatoire","tag-capteur-cardiaque","tag-carpentras","tag-centre-for-contemporary-art","tag-centre-pompidou","tag-chambre","tag-ciant","tag-coimbra","tag-collectif-dardex-mort2faim","tag-cz","tag-d","tag-dalle-tactile","tag-del-icio-us","tag-detournements","tag-dox","tag-ecm-kawenga","tag-environnement-3d","tag-experience","tag-exposition-au-musee-detat-de-pernambuco","tag-exposition-camping","tag-exposition-coimbra-aix-en-provence","tag-exposition-crossover-urban-art","tag-exposition-gamerz-01","tag-exposition-gamerz-02","tag-exposition-jouer-au-reel","tag-expositions","tag-festival","tag-festival-aires-libres","tag-festival-arborescence","tag-festival-elektro-circus","tag-festival-emergences","tag-festival-eniarof","tag-festival-enter-3","tag-festival-enter-4","tag-festival-gamerz-03","tag-festival-hybride","tag-festival-kinoleon","tag-festival-micromusic-pixel-experience","tag-festival-multiplace","tag-festival-norapolis-vi","tag-festival-park-in-progress","tag-festival-sloveniarof","tag-festival-un-peu-dalice","tag-fete-de-lanimation","tag-flash-festival","tag-fr","tag-galerie-de-lecole-superieure-dart","tag-galerie-nikki-marquardt","tag-galerie-santa-clara","tag-game","tag-game-art","tag-gamerz","tag-gare-st-sauveur","tag-grande-halle-de-la-villette","tag-graphisme","tag-head-mounted-display","tag-hmd","tag-immersion","tag-installation","tag-installations-interactives","tag-institut-francais-de-prague","tag-interactive","tag-interactivite","tag-isolement","tag-istanbul","tag-jeux-videos","tag-la-gare-du-coustellet","tag-la-vitrine","tag-laser","tag-lavitrine","tag-lavoir-moderne","tag-lille","tag-lmr","tag-ludique","tag-lunettes","tag-m2f-creations","tag-maribor","tag-marly-le-roi","tag-marseille","tag-medias","tag-metz","tag-meudon-la-foret","tag-modifies","tag-montpellier","tag-multimedia","tag-nouveaux","tag-nouveaux-trinitaires","tag-nouvelle","tag-palac-akropolis","tag-paris","tag-pekarna","tag-performance","tag-pixel","tag-portugal","tag-prague","tag-projections","tag-psychiatrique","tag-quentin-destieu","tag-recife","tag-rencontre-de-lorme-avec-le-zinc-au-pole-media-marseille","tag-republique-tcheque","tag-romain-senatore","tag-salon-de-la-jeune-creation","tag-si","tag-sk","tag-slovaquie","tag-slovenie","tag-son","tag-spa-festival","tag-sperm-festival","tag-stephane-kyles","tag-sylvain-huguet","tag-technologie","tag-temps-reel","tag-tr","tag-tuning","tag-turquie","tag-univers-sonore-festival-gamerz","tag-universite-federale-de-pernambuco","tag-video","tag-web","tag-workshop","tag-zavod-atol"],"_links":{"self":[{"href":"https:\/\/www.supersly.org\/archives\/dardex-2010\/index.php?rest_route=\/wp\/v2\/posts\/12"}],"collection":[{"href":"https:\/\/www.supersly.org\/archives\/dardex-2010\/index.php?rest_route=\/wp\/v2\/posts"}],"about":[{"href":"https:\/\/www.supersly.org\/archives\/dardex-2010\/index.php?rest_route=\/wp\/v2\/types\/post"}],"author":[{"embeddable":true,"href":"https:\/\/www.supersly.org\/archives\/dardex-2010\/index.php?rest_route=\/wp\/v2\/users\/1"}],"replies":[{"embeddable":true,"href":"https:\/\/www.supersly.org\/archives\/dardex-2010\/index.php?rest_route=%2Fwp%2Fv2%2Fcomments&post=12"}],"version-history":[{"count":15,"href":"https:\/\/www.supersly.org\/archives\/dardex-2010\/index.php?rest_route=\/wp\/v2\/posts\/12\/revisions"}],"predecessor-version":[{"id":329,"href":"https:\/\/www.supersly.org\/archives\/dardex-2010\/index.php?rest_route=\/wp\/v2\/posts\/12\/revisions\/329"}],"wp:attachment":[{"href":"https:\/\/www.supersly.org\/archives\/dardex-2010\/index.php?rest_route=%2Fwp%2Fv2%2Fmedia&parent=12"}],"wp:term":[{"taxonomy":"category","embeddable":true,"href":"https:\/\/www.supersly.org\/archives\/dardex-2010\/index.php?rest_route=%2Fwp%2Fv2%2Fcategories&post=12"},{"taxonomy":"post_tag","embeddable":true,"href":"https:\/\/www.supersly.org\/archives\/dardex-2010\/index.php?rest_route=%2Fwp%2Fv2%2Ftags&post=12"}],"curies":[{"name":"wp","href":"https:\/\/api.w.org\/{rel}","templated":true}]}}